{"id":29564,"date":"2026-04-20T15:44:50","date_gmt":"2026-04-20T13:44:50","guid":{"rendered":"https:\/\/zemaljskimuzej.ba\/?p=29564"},"modified":"2026-04-21T10:53:15","modified_gmt":"2026-04-21T08:53:15","slug":"botanical-garden-of-the-national-museum-of-bosnia-and-herzegovina-a-place-where-nature-heritage-and-community-grow-together","status":"publish","type":"post","link":"https:\/\/zemaljskimuzej.ba\/en\/botanical-garden-of-the-national-museum-of-bosnia-and-herzegovina-a-place-where-nature-heritage-and-community-grow-together\/","title":{"rendered":"Botanical Garden of the National Museum of Bosnia and Herzegovina: A Place Where Nature, Heritage, and Community Grow Together"},"content":{"rendered":"<p>The ceremonial concert \u201cSevdah u vrtu\u201d held on April 19, 2026, in the beautiful setting of the Botanical Garden of the National Museum of Bosnia and Herzegovina, symbolically marked the conclusion of a four-month project implemented with the support of the Government of the United Kingdom. This exceptional event was not only a musical spectacle, but also an opportunity to celebrate the union of nature, culture, and music, where visitors enjoyed themselves surrounded by the rich living plant collections of the Botanical Garden. Inspiring performances of sevdalinka songs by Alma Suba\u0161i\u0107 Omerovi\u0107 and Mirza Red\u017eepagi\u0107 further enriched the atmosphere, making the day full of emotion, tradition, and the beauty of the space. Once again, it was confirmed how the Botanical Garden represents a precious meeting point of natural and cultural heritage.<\/p>\n<p>The driving force behind this project was the desire to make the Museum even more accessible and relevant to a wider audience, offering new content, education, and a space for collective engagement. The Botanical Garden is a refuge of knowledge and beauty, where each new initiative stimulates curiosity and connects generations. Through the project, efforts were made to strengthen the long-term sustainability and resilience of the Museum, enhance capacities for the preservation and presentation of national heritage, with a special focus on the Botanical Garden and its biodiversity. Particular emphasis was placed on presenting the diversity of the plant world of Bosnia and Herzegovina, increasing community engagement, diversifying income, strengthening strategic partnerships, and developing professional expertise in the management of living plant collections and biodiversity conservation.<\/p>\n<p>The project resulted in numerous significant activities and tangible achievements, despite lasting only four months. We are especially pleased to highlight cooperation with domestic institutions \u2013 the National and University Library of Bosnia and Herzegovina contributed joint programs, workshops, and exhibitions, while the University of Sarajevo enabled biology students to participate in the work of our Garden through practical training. Collaboration with the Mountain Rescue Service of Sarajevo Canton enabled us to more easily collect rare and endemic species from Bosnia and Herzegovina.<\/p>\n<p>An important segment of the project was the inclusion of young people \u2013 a female student from the Department of Biology at the Faculty of Science was involved in the work of the Botanical Garden, further strengthening cooperation between youth and the Museum. The Garden staff improved their skills through international courses and training: the Head of the Scientific Living Collection completed the international course Seed Conservation Techniques organized by the Millennium Seed Bank Partnership (MSBP) at the Royal Botanic Gardens, Kew, while a gardener had the opportunity for professional training at the Royal Botanic Garden Edinburgh, Logan, in Scotland.<\/p>\n<p>One of the most visible results of the project is a new plot within the Garden dedicated to indigenous and naturalized varieties of fruit species from Bosnia and Herzegovina \u2013 18 different fruit varieties have been planted, and an educational information board has further enriched the experience of every visitor. Thanks to cooperation with British and international partners, including Botanic Gardens Conservation International and ENSCONET, the Museum has gained access to modern standards, training, and professional tools, further strengthening its capacities and opening new doors to the world.<\/p>\n<p>A large number of workshops for citizens demonstrated a strong need for such content, as all places were filled in record time. The Botanical Garden has once again proven itself as a valuable place for gathering and collective action. With each new project, the Museum becomes a stronger guardian of heritage and an open door for all generations, inviting all citizens of Bosnia and Herzegovina to build a better future together.<\/p>\n<p>On behalf of the National Museum of Bosnia and Herzegovina, we would like to thank the British Ambassador to Bosnia and Herzegovina, H.E. Julian Reilly, as well as the Government of the United Kingdom, for recognizing the importance of these activities and supporting their implementation.<\/p>\n","protected":false},"excerpt":{"rendered":"<p>The ceremonial concert \u201cSevdah u vrtu\u201d held on April 19, 2026, in the beautiful setting of the Botanical Garden of the National Museum of Bosnia and Herzegovina, symbolically marked the conclusion of a four-month project implemented with the support of the Government of the United Kingdom. This exceptional event was not only a musical spectacle, &hellip; <a href=\"https:\/\/zemaljskimuzej.ba\/en\/botanical-garden-of-the-national-museum-of-bosnia-and-herzegovina-a-place-where-nature-heritage-and-community-grow-together\/\">Find out more<\/a><\/p>\n","protected":false},"author":5,"featured_media":29544,"comment_status":"closed","ping_status":"closed","sticky":false,"template":"","format":"standard","meta":{"footnotes":""},"categories":[2],"tags":[],"class_list":["post-29564","post","type-post","status-publish","format-standard","has-post-thumbnail","hentry","category-news"],"yoast_head":"<!-- This site is optimized with the Yoast SEO plugin v27.3 - https:\/\/yoast.com\/product\/yoast-seo-wordpress\/ -->\n<title>Botanical Garden of the National Museum of Bosnia and Herzegovina: A Place Where Nature, Heritage, and Community Grow Together - Zemaljski muzej BiH<\/title>\n<meta name=\"robots\" content=\"index, follow, max-snippet:-1, max-image-preview:large, max-video-preview:-1\" \/>\n<link rel=\"canonical\" href=\"https:\/\/zemaljskimuzej.ba\/en\/botanical-garden-of-the-national-museum-of-bosnia-and-herzegovina-a-place-where-nature-heritage-and-community-grow-together\/\" \/>\n<meta property=\"og:locale\" content=\"en_US\" \/>\n<meta property=\"og:type\" content=\"article\" \/>\n<meta property=\"og:title\" content=\"Botanical Garden of the National Museum of Bosnia and Herzegovina: A Place Where Nature, Heritage, and Community Grow Together - Zemaljski muzej BiH\" \/>\n<meta property=\"og:description\" content=\"The ceremonial concert \u201cSevdah u vrtu\u201d held on April 19, 2026, in the beautiful setting of the Botanical Garden of the National Museum of Bosnia and Herzegovina, symbolically marked the conclusion of a four-month project implemented with the support of the Government of the United Kingdom. This exceptional event was not only a musical spectacle, &hellip; Find out more\" \/>\n<meta property=\"og:url\" content=\"https:\/\/zemaljskimuzej.ba\/en\/botanical-garden-of-the-national-museum-of-bosnia-and-herzegovina-a-place-where-nature-heritage-and-community-grow-together\/\" \/>\n<meta property=\"og:site_name\" content=\"Zemaljski muzej BiH\" \/>\n<meta property=\"article:publisher\" content=\"https:\/\/www.facebook.com\/zemaljskimuzej\/\" \/>\n<meta property=\"article:published_time\" content=\"2026-04-20T13:44:50+00:00\" \/>\n<meta property=\"article:modified_time\" content=\"2026-04-21T08:53:15+00:00\" \/>\n<meta property=\"og:image\" content=\"https:\/\/zemaljskimuzej.ba\/app\/uploads\/2026\/04\/K2A3583-1.jpg\" \/>\n\t<meta property=\"og:image:width\" content=\"1600\" \/>\n\t<meta property=\"og:image:height\" content=\"1067\" \/>\n\t<meta property=\"og:image:type\" content=\"image\/jpeg\" \/>\n<meta name=\"author\" content=\"lejla\" \/>\n<meta name=\"twitter:card\" content=\"summary_large_image\" \/>\n<meta name=\"twitter:creator\" content=\"@Zemaljskimuzej\" \/>\n<meta name=\"twitter:site\" content=\"@Zemaljskimuzej\" \/>\n<meta name=\"twitter:label1\" content=\"Written by\" \/>\n\t<meta name=\"twitter:data1\" content=\"lejla\" \/>\n\t<meta name=\"twitter:label2\" content=\"Est. reading time\" \/>\n\t<meta name=\"twitter:data2\" content=\"4 minutes\" \/>\n<script type=\"application\/ld+json\" class=\"yoast-schema-graph\">{\"@context\":\"https:\\\/\\\/schema.org\",\"@graph\":[{\"@type\":\"Article\",\"@id\":\"https:\\\/\\\/zemaljskimuzej.ba\\\/en\\\/botanical-garden-of-the-national-museum-of-bosnia-and-herzegovina-a-place-where-nature-heritage-and-community-grow-together\\\/#article\",\"isPartOf\":{\"@id\":\"https:\\\/\\\/zemaljskimuzej.ba\\\/en\\\/botanical-garden-of-the-national-museum-of-bosnia-and-herzegovina-a-place-where-nature-heritage-and-community-grow-together\\\/\"},\"author\":{\"name\":\"lejla\",\"@id\":\"https:\\\/\\\/zemaljskimuzej.ba\\\/en\\\/#\\\/schema\\\/person\\\/c24201eac76a1854e608ffb7788d0342\"},\"headline\":\"Botanical Garden of the National Museum of Bosnia and Herzegovina: A Place Where Nature, Heritage, and Community Grow Together\",\"datePublished\":\"2026-04-20T13:44:50+00:00\",\"dateModified\":\"2026-04-21T08:53:15+00:00\",\"mainEntityOfPage\":{\"@id\":\"https:\\\/\\\/zemaljskimuzej.ba\\\/en\\\/botanical-garden-of-the-national-museum-of-bosnia-and-herzegovina-a-place-where-nature-heritage-and-community-grow-together\\\/\"},\"wordCount\":660,\"publisher\":{\"@id\":\"https:\\\/\\\/zemaljskimuzej.ba\\\/en\\\/#organization\"},\"image\":{\"@id\":\"https:\\\/\\\/zemaljskimuzej.ba\\\/en\\\/botanical-garden-of-the-national-museum-of-bosnia-and-herzegovina-a-place-where-nature-heritage-and-community-grow-together\\\/#primaryimage\"},\"thumbnailUrl\":\"https:\\\/\\\/zemaljskimuzej.ba\\\/app\\\/uploads\\\/2026\\\/04\\\/K2A3583-1.jpg\",\"articleSection\":[\"News\"],\"inLanguage\":\"en-US\"},{\"@type\":\"WebPage\",\"@id\":\"https:\\\/\\\/zemaljskimuzej.ba\\\/en\\\/botanical-garden-of-the-national-museum-of-bosnia-and-herzegovina-a-place-where-nature-heritage-and-community-grow-together\\\/\",\"url\":\"https:\\\/\\\/zemaljskimuzej.ba\\\/en\\\/botanical-garden-of-the-national-museum-of-bosnia-and-herzegovina-a-place-where-nature-heritage-and-community-grow-together\\\/\",\"name\":\"Botanical Garden of the National Museum of Bosnia and Herzegovina: A Place Where Nature, Heritage, and Community Grow Together - Zemaljski muzej BiH\",\"isPartOf\":{\"@id\":\"https:\\\/\\\/zemaljskimuzej.ba\\\/en\\\/#website\"},\"primaryImageOfPage\":{\"@id\":\"https:\\\/\\\/zemaljskimuzej.ba\\\/en\\\/botanical-garden-of-the-national-museum-of-bosnia-and-herzegovina-a-place-where-nature-heritage-and-community-grow-together\\\/#primaryimage\"},\"image\":{\"@id\":\"https:\\\/\\\/zemaljskimuzej.ba\\\/en\\\/botanical-garden-of-the-national-museum-of-bosnia-and-herzegovina-a-place-where-nature-heritage-and-community-grow-together\\\/#primaryimage\"},\"thumbnailUrl\":\"https:\\\/\\\/zemaljskimuzej.ba\\\/app\\\/uploads\\\/2026\\\/04\\\/K2A3583-1.jpg\",\"datePublished\":\"2026-04-20T13:44:50+00:00\",\"dateModified\":\"2026-04-21T08:53:15+00:00\",\"breadcrumb\":{\"@id\":\"https:\\\/\\\/zemaljskimuzej.ba\\\/en\\\/botanical-garden-of-the-national-museum-of-bosnia-and-herzegovina-a-place-where-nature-heritage-and-community-grow-together\\\/#breadcrumb\"},\"inLanguage\":\"en-US\",\"potentialAction\":[{\"@type\":\"ReadAction\",\"target\":[\"https:\\\/\\\/zemaljskimuzej.ba\\\/en\\\/botanical-garden-of-the-national-museum-of-bosnia-and-herzegovina-a-place-where-nature-heritage-and-community-grow-together\\\/\"]}]},{\"@type\":\"ImageObject\",\"inLanguage\":\"en-US\",\"@id\":\"https:\\\/\\\/zemaljskimuzej.ba\\\/en\\\/botanical-garden-of-the-national-museum-of-bosnia-and-herzegovina-a-place-where-nature-heritage-and-community-grow-together\\\/#primaryimage\",\"url\":\"https:\\\/\\\/zemaljskimuzej.ba\\\/app\\\/uploads\\\/2026\\\/04\\\/K2A3583-1.jpg\",\"contentUrl\":\"https:\\\/\\\/zemaljskimuzej.ba\\\/app\\\/uploads\\\/2026\\\/04\\\/K2A3583-1.jpg\",\"width\":1600,\"height\":1067,\"caption\":\"Sevdah u vrtu\"},{\"@type\":\"BreadcrumbList\",\"@id\":\"https:\\\/\\\/zemaljskimuzej.ba\\\/en\\\/botanical-garden-of-the-national-museum-of-bosnia-and-herzegovina-a-place-where-nature-heritage-and-community-grow-together\\\/#breadcrumb\",\"itemListElement\":[{\"@type\":\"ListItem\",\"position\":1,\"name\":\"Home\",\"item\":\"https:\\\/\\\/zemaljskimuzej.ba\\\/en\\\/\"},{\"@type\":\"ListItem\",\"position\":2,\"name\":\"Botanical Garden of the National Museum of Bosnia and Herzegovina: A Place Where Nature, Heritage, and Community Grow Together\"}]},{\"@type\":\"WebSite\",\"@id\":\"https:\\\/\\\/zemaljskimuzej.ba\\\/en\\\/#website\",\"url\":\"https:\\\/\\\/zemaljskimuzej.ba\\\/en\\\/\",\"name\":\"Zemaljski muzej BiH\",\"description\":\"\",\"publisher\":{\"@id\":\"https:\\\/\\\/zemaljskimuzej.ba\\\/en\\\/#organization\"},\"potentialAction\":[{\"@type\":\"SearchAction\",\"target\":{\"@type\":\"EntryPoint\",\"urlTemplate\":\"https:\\\/\\\/zemaljskimuzej.ba\\\/en\\\/?s={search_term_string}\"},\"query-input\":{\"@type\":\"PropertyValueSpecification\",\"valueRequired\":true,\"valueName\":\"search_term_string\"}}],\"inLanguage\":\"en-US\"},{\"@type\":\"Organization\",\"@id\":\"https:\\\/\\\/zemaljskimuzej.ba\\\/en\\\/#organization\",\"name\":\"Zemaljski muzej BiH\",\"url\":\"https:\\\/\\\/zemaljskimuzej.ba\\\/en\\\/\",\"logo\":{\"@type\":\"ImageObject\",\"inLanguage\":\"en-US\",\"@id\":\"https:\\\/\\\/zemaljskimuzej.ba\\\/en\\\/#\\\/schema\\\/logo\\\/image\\\/\",\"url\":\"https:\\\/\\\/zemaljskimuzej.ba\\\/app\\\/uploads\\\/2025\\\/08\\\/zmbih-logo.png\",\"contentUrl\":\"https:\\\/\\\/zemaljskimuzej.ba\\\/app\\\/uploads\\\/2025\\\/08\\\/zmbih-logo.png\",\"width\":256,\"height\":256,\"caption\":\"Zemaljski muzej BiH\"},\"image\":{\"@id\":\"https:\\\/\\\/zemaljskimuzej.ba\\\/en\\\/#\\\/schema\\\/logo\\\/image\\\/\"},\"sameAs\":[\"https:\\\/\\\/www.facebook.com\\\/zemaljskimuzej\\\/\",\"https:\\\/\\\/x.com\\\/Zemaljskimuzej\",\"https:\\\/\\\/www.instagram.com\\\/zemaljskimuzej_bih\\\/\",\"https:\\\/\\\/www.youtube.com\\\/channel\\\/UCK-JP1rHT4wJ7MOyVcduoIg\",\"https:\\\/\\\/www.tiktok.com\\\/@zemaljskimuzejbih\"]},{\"@type\":\"Person\",\"@id\":\"https:\\\/\\\/zemaljskimuzej.ba\\\/en\\\/#\\\/schema\\\/person\\\/c24201eac76a1854e608ffb7788d0342\",\"name\":\"lejla\",\"image\":{\"@type\":\"ImageObject\",\"inLanguage\":\"en-US\",\"@id\":\"https:\\\/\\\/secure.gravatar.com\\\/avatar\\\/7a93c3123e017548b4f7bdc172b40d4db58f5171ba8790f02c29f7f7a2345cbf?s=96&d=mm&r=g\",\"url\":\"https:\\\/\\\/secure.gravatar.com\\\/avatar\\\/7a93c3123e017548b4f7bdc172b40d4db58f5171ba8790f02c29f7f7a2345cbf?s=96&d=mm&r=g\",\"contentUrl\":\"https:\\\/\\\/secure.gravatar.com\\\/avatar\\\/7a93c3123e017548b4f7bdc172b40d4db58f5171ba8790f02c29f7f7a2345cbf?s=96&d=mm&r=g\",\"caption\":\"lejla\"},\"url\":\"https:\\\/\\\/zemaljskimuzej.ba\\\/en\\\/author\\\/lejlabecargmail-com\\\/\"}]}<\/script>\n<!-- \/ Yoast SEO plugin. -->","yoast_head_json":{"title":"Botanical Garden of the National Museum of Bosnia and Herzegovina: A Place Where Nature, Heritage, and Community Grow Together - Zemaljski muzej BiH","robots":{"index":"index","follow":"follow","max-snippet":"max-snippet:-1","max-image-preview":"max-image-preview:large","max-video-preview":"max-video-preview:-1"},"canonical":"https:\/\/zemaljskimuzej.ba\/en\/botanical-garden-of-the-national-museum-of-bosnia-and-herzegovina-a-place-where-nature-heritage-and-community-grow-together\/","og_locale":"en_US","og_type":"article","og_title":"Botanical Garden of the National Museum of Bosnia and Herzegovina: A Place Where Nature, Heritage, and Community Grow Together - Zemaljski muzej BiH","og_description":"The ceremonial concert \u201cSevdah u vrtu\u201d held on April 19, 2026, in the beautiful setting of the Botanical Garden of the National Museum of Bosnia and Herzegovina, symbolically marked the conclusion of a four-month project implemented with the support of the Government of the United Kingdom. This exceptional event was not only a musical spectacle, &hellip; Find out more","og_url":"https:\/\/zemaljskimuzej.ba\/en\/botanical-garden-of-the-national-museum-of-bosnia-and-herzegovina-a-place-where-nature-heritage-and-community-grow-together\/","og_site_name":"Zemaljski muzej BiH","article_publisher":"https:\/\/www.facebook.com\/zemaljskimuzej\/","article_published_time":"2026-04-20T13:44:50+00:00","article_modified_time":"2026-04-21T08:53:15+00:00","og_image":[{"width":1600,"height":1067,"url":"https:\/\/zemaljskimuzej.ba\/app\/uploads\/2026\/04\/K2A3583-1.jpg","type":"image\/jpeg"}],"author":"lejla","twitter_card":"summary_large_image","twitter_creator":"@Zemaljskimuzej","twitter_site":"@Zemaljskimuzej","twitter_misc":{"Written by":"lejla","Est. reading time":"4 minutes"},"schema":{"@context":"https:\/\/schema.org","@graph":[{"@type":"Article","@id":"https:\/\/zemaljskimuzej.ba\/en\/botanical-garden-of-the-national-museum-of-bosnia-and-herzegovina-a-place-where-nature-heritage-and-community-grow-together\/#article","isPartOf":{"@id":"https:\/\/zemaljskimuzej.ba\/en\/botanical-garden-of-the-national-museum-of-bosnia-and-herzegovina-a-place-where-nature-heritage-and-community-grow-together\/"},"author":{"name":"lejla","@id":"https:\/\/zemaljskimuzej.ba\/en\/#\/schema\/person\/c24201eac76a1854e608ffb7788d0342"},"headline":"Botanical Garden of the National Museum of Bosnia and Herzegovina: A Place Where Nature, Heritage, and Community Grow Together","datePublished":"2026-04-20T13:44:50+00:00","dateModified":"2026-04-21T08:53:15+00:00","mainEntityOfPage":{"@id":"https:\/\/zemaljskimuzej.ba\/en\/botanical-garden-of-the-national-museum-of-bosnia-and-herzegovina-a-place-where-nature-heritage-and-community-grow-together\/"},"wordCount":660,"publisher":{"@id":"https:\/\/zemaljskimuzej.ba\/en\/#organization"},"image":{"@id":"https:\/\/zemaljskimuzej.ba\/en\/botanical-garden-of-the-national-museum-of-bosnia-and-herzegovina-a-place-where-nature-heritage-and-community-grow-together\/#primaryimage"},"thumbnailUrl":"https:\/\/zemaljskimuzej.ba\/app\/uploads\/2026\/04\/K2A3583-1.jpg","articleSection":["News"],"inLanguage":"en-US"},{"@type":"WebPage","@id":"https:\/\/zemaljskimuzej.ba\/en\/botanical-garden-of-the-national-museum-of-bosnia-and-herzegovina-a-place-where-nature-heritage-and-community-grow-together\/","url":"https:\/\/zemaljskimuzej.ba\/en\/botanical-garden-of-the-national-museum-of-bosnia-and-herzegovina-a-place-where-nature-heritage-and-community-grow-together\/","name":"Botanical Garden of the National Museum of Bosnia and Herzegovina: A Place Where Nature, Heritage, and Community Grow Together - Zemaljski muzej BiH","isPartOf":{"@id":"https:\/\/zemaljskimuzej.ba\/en\/#website"},"primaryImageOfPage":{"@id":"https:\/\/zemaljskimuzej.ba\/en\/botanical-garden-of-the-national-museum-of-bosnia-and-herzegovina-a-place-where-nature-heritage-and-community-grow-together\/#primaryimage"},"image":{"@id":"https:\/\/zemaljskimuzej.ba\/en\/botanical-garden-of-the-national-museum-of-bosnia-and-herzegovina-a-place-where-nature-heritage-and-community-grow-together\/#primaryimage"},"thumbnailUrl":"https:\/\/zemaljskimuzej.ba\/app\/uploads\/2026\/04\/K2A3583-1.jpg","datePublished":"2026-04-20T13:44:50+00:00","dateModified":"2026-04-21T08:53:15+00:00","breadcrumb":{"@id":"https:\/\/zemaljskimuzej.ba\/en\/botanical-garden-of-the-national-museum-of-bosnia-and-herzegovina-a-place-where-nature-heritage-and-community-grow-together\/#breadcrumb"},"inLanguage":"en-US","potentialAction":[{"@type":"ReadAction","target":["https:\/\/zemaljskimuzej.ba\/en\/botanical-garden-of-the-national-museum-of-bosnia-and-herzegovina-a-place-where-nature-heritage-and-community-grow-together\/"]}]},{"@type":"ImageObject","inLanguage":"en-US","@id":"https:\/\/zemaljskimuzej.ba\/en\/botanical-garden-of-the-national-museum-of-bosnia-and-herzegovina-a-place-where-nature-heritage-and-community-grow-together\/#primaryimage","url":"https:\/\/zemaljskimuzej.ba\/app\/uploads\/2026\/04\/K2A3583-1.jpg","contentUrl":"https:\/\/zemaljskimuzej.ba\/app\/uploads\/2026\/04\/K2A3583-1.jpg","width":1600,"height":1067,"caption":"Sevdah u vrtu"},{"@type":"BreadcrumbList","@id":"https:\/\/zemaljskimuzej.ba\/en\/botanical-garden-of-the-national-museum-of-bosnia-and-herzegovina-a-place-where-nature-heritage-and-community-grow-together\/#breadcrumb","itemListElement":[{"@type":"ListItem","position":1,"name":"Home","item":"https:\/\/zemaljskimuzej.ba\/en\/"},{"@type":"ListItem","position":2,"name":"Botanical Garden of the National Museum of Bosnia and Herzegovina: A Place Where Nature, Heritage, and Community Grow Together"}]},{"@type":"WebSite","@id":"https:\/\/zemaljskimuzej.ba\/en\/#website","url":"https:\/\/zemaljskimuzej.ba\/en\/","name":"Zemaljski muzej BiH","description":"","publisher":{"@id":"https:\/\/zemaljskimuzej.ba\/en\/#organization"},"potentialAction":[{"@type":"SearchAction","target":{"@type":"EntryPoint","urlTemplate":"https:\/\/zemaljskimuzej.ba\/en\/?s={search_term_string}"},"query-input":{"@type":"PropertyValueSpecification","valueRequired":true,"valueName":"search_term_string"}}],"inLanguage":"en-US"},{"@type":"Organization","@id":"https:\/\/zemaljskimuzej.ba\/en\/#organization","name":"Zemaljski muzej BiH","url":"https:\/\/zemaljskimuzej.ba\/en\/","logo":{"@type":"ImageObject","inLanguage":"en-US","@id":"https:\/\/zemaljskimuzej.ba\/en\/#\/schema\/logo\/image\/","url":"https:\/\/zemaljskimuzej.ba\/app\/uploads\/2025\/08\/zmbih-logo.png","contentUrl":"https:\/\/zemaljskimuzej.ba\/app\/uploads\/2025\/08\/zmbih-logo.png","width":256,"height":256,"caption":"Zemaljski muzej BiH"},"image":{"@id":"https:\/\/zemaljskimuzej.ba\/en\/#\/schema\/logo\/image\/"},"sameAs":["https:\/\/www.facebook.com\/zemaljskimuzej\/","https:\/\/x.com\/Zemaljskimuzej","https:\/\/www.instagram.com\/zemaljskimuzej_bih\/","https:\/\/www.youtube.com\/channel\/UCK-JP1rHT4wJ7MOyVcduoIg","https:\/\/www.tiktok.com\/@zemaljskimuzejbih"]},{"@type":"Person","@id":"https:\/\/zemaljskimuzej.ba\/en\/#\/schema\/person\/c24201eac76a1854e608ffb7788d0342","name":"lejla","image":{"@type":"ImageObject","inLanguage":"en-US","@id":"https:\/\/secure.gravatar.com\/avatar\/7a93c3123e017548b4f7bdc172b40d4db58f5171ba8790f02c29f7f7a2345cbf?s=96&d=mm&r=g","url":"https:\/\/secure.gravatar.com\/avatar\/7a93c3123e017548b4f7bdc172b40d4db58f5171ba8790f02c29f7f7a2345cbf?s=96&d=mm&r=g","contentUrl":"https:\/\/secure.gravatar.com\/avatar\/7a93c3123e017548b4f7bdc172b40d4db58f5171ba8790f02c29f7f7a2345cbf?s=96&d=mm&r=g","caption":"lejla"},"url":"https:\/\/zemaljskimuzej.ba\/en\/author\/lejlabecargmail-com\/"}]}},"_links":{"self":[{"href":"https:\/\/zemaljskimuzej.ba\/en\/wp-json\/wp\/v2\/posts\/29564","targetHints":{"allow":["GET"]}}],"collection":[{"href":"https:\/\/zemaljskimuzej.ba\/en\/wp-json\/wp\/v2\/posts"}],"about":[{"href":"https:\/\/zemaljskimuzej.ba\/en\/wp-json\/wp\/v2\/types\/post"}],"author":[{"embeddable":true,"href":"https:\/\/zemaljskimuzej.ba\/en\/wp-json\/wp\/v2\/users\/5"}],"replies":[{"embeddable":true,"href":"https:\/\/zemaljskimuzej.ba\/en\/wp-json\/wp\/v2\/comments?post=29564"}],"version-history":[{"count":1,"href":"https:\/\/zemaljskimuzej.ba\/en\/wp-json\/wp\/v2\/posts\/29564\/revisions"}],"predecessor-version":[{"id":29569,"href":"https:\/\/zemaljskimuzej.ba\/en\/wp-json\/wp\/v2\/posts\/29564\/revisions\/29569"}],"wp:featuredmedia":[{"embeddable":true,"href":"https:\/\/zemaljskimuzej.ba\/en\/wp-json\/wp\/v2\/media\/29544"}],"wp:attachment":[{"href":"https:\/\/zemaljskimuzej.ba\/en\/wp-json\/wp\/v2\/media?parent=29564"}],"wp:term":[{"taxonomy":"category","embeddable":true,"href":"https:\/\/zemaljskimuzej.ba\/en\/wp-json\/wp\/v2\/categories?post=29564"},{"taxonomy":"post_tag","embeddable":true,"href":"https:\/\/zemaljskimuzej.ba\/en\/wp-json\/wp\/v2\/tags?post=29564"}],"curies":[{"name":"wp","href":"https:\/\/api.w.org\/{rel}","templated":true}]}}