{"id":29578,"date":"2026-04-25T13:50:04","date_gmt":"2026-04-25T11:50:04","guid":{"rendered":"https:\/\/zemaljskimuzej.ba\/?p=29578"},"modified":"2026-04-25T13:50:04","modified_gmt":"2026-04-25T11:50:04","slug":"herie-digitalna-platforma-odrzana-medjunarodna-radionica-o-zastiti-kulturne-bastine-u-zemaljskom-muzeju-bosne-i-hercegovine","status":"publish","type":"post","link":"https:\/\/zemaljskimuzej.ba\/en\/herie-digitalna-platforma-odrzana-medjunarodna-radionica-o-zastiti-kulturne-bastine-u-zemaljskom-muzeju-bosne-i-hercegovine\/","title":{"rendered":"HERIe digitalna platforma: Odr\u017eana me\u0111unarodna radionica o za\u0161titi kulturne ba\u0161tine u Zemaljskom muzeju Bosne i Hercegovine"},"content":{"rendered":"<p><strong>Zemaljski muzej Bosne i Hercegovine<\/strong> ugostio je dvodnevnu me\u0111unarodnu radionicu posve\u0107enu primjeni digitalne platforme HERIe u preventivnoj konzervaciji muzejskih zbirki. Radionica je odr\u017eana 22. i 23. 4. 2026. godine, uz u\u010de\u0161\u0107e <strong>dvadeset stru\u010dnjaka iz renomiranih kulturnih institucija<\/strong> u Bosni i Hercegovini, Bugarskoj, Hrvatskoj, Sjevernoj Makedoniji i Sloveniji.<\/p>\n<p>\u201eJako mi je drago da smo imali kolegice iz 4 drzave i 10 institucija koje su se me\u0111usobno umre\u017eile i nastavi\u0107e saradnju u budu\u0107nosti. Hvala muzeju koji nas je toplo ugostio. Radujem se budu\u0107im aktivnostima\u201c izjavila je Aida Ve\u017ei\u0107 iz Balkanske mre\u017ee muzeja, organizatora same radionice.<\/p>\n<p><strong>HERIe je digitalna platforma <\/strong>za procjenu rizika i upravljanje okoli\u0161nim uslovima u muzejima, galerijama, arhivima i bibliotekama, razvijena na Institutu Jerzy Haber Poljske akademije nauka. Ova platforma omogu\u0107ava muzejskim stru\u010dnjacima da uo\u010de neodgovaraju\u0107e mikroklimatske uslove koji doprinose koroziji, krhkosti papira, napuknu\u0107ima, te gubitku pigmenta na predmetima, te na osnovu stvarnih podataka o temperaturi, vla\u017enosti, svjetlosti i zaga\u0111iva\u010dima donose nau\u010dno utemeljene odluke o za\u0161titi svojih zbirki.<\/p>\n<p>Sagita Mirjam Sunara HERIe platformu posmatra kao sna\u017ean didakti\u010dki alat. Profesorica Odsjeka za konzervaciju-restauraciju Umjetni\u010dke akademije u Splitu i vanjska suradnica \u00a0na Akademiji likovnih umjetnosti u Sarajevu o radionci ka\u017ee: \u201eJako me se dojmila mogu\u0107nost koju platforma pru\u017ea da jasno i intuitivno vizualiziramo posljedice na\u0161ih odluka da ne\u0161to u\u010dinimo \u2013 ili ne u\u010dinimo. Primjerice, mo\u017eemo vidjeti \u0161to bi se s bojama na tekstilnom predmetu ili slici moglo dogoditi za 50, 100 ili \u010dak 500 godina ako se pove\u0107a vrijeme izlaganja ili ako se smanji intenzitet osvjetljenja. Tako teorija, koja \u010desto zvu\u010di apstraktno, postaje iznimno razumljiva i prakti\u010dno primjenjiva.\u201c<\/p>\n<p>Organizovana u saradnji sa <strong>Balkanskom mre\u017eom muzeja (BMN)<\/strong>, radionica je pru\u017eila muzejskim stru\u010dnjacima prakti\u010dne alate za procjenu rizika, optimizaciju klimatske kontrole i dono\u0161enje odluka o konzervaciji u skladu s me\u0111unarodnim standardima, a sve uz racionalnu potro\u0161nju energije. Za institucije u regiji s ograni\u010denim resursima, ovakva obuka ima poseban strate\u0161ki zna\u010daj za uskla\u0111ivanje s evropskim standardima za\u0161tite kulturne ba\u0161tine.<\/p>\n<p>Vode\u0107i predava\u010d na radionici bio je Prof. dr. \u0141ukasz Bratasz (Institut Jerzy Haber, Poljska akademija nauka) koji je rukovodio laboratorijem za analizu artefakata Nacionalnog muzeja u Krakovu. Koordinirao je ili u\u010destvovao u 37 me\u0111unarodnih istra\u017eiva\u010dkih projekata.<\/p>\n<p>Interdisciplinarni sastav grupe, koja je uklju\u010divala kustose, konzervatore-restauratore, istra\u017eiva\u010de i akademske radnike iz renomiranih institucija u regionu, osigurava vrijednu razmjenu teorijskih uvida i prakti\u010dnih iskustava u sferi za\u0161tite kulturne ba\u0161tine.<\/p>\n<div class=\"wp-gallery grid grid-cols-3 gap-4 mb-6\" id=\"gallery-1\"><figure class=\"wp-gallery-item aspect-square bg-gray-100 overflow-hidden rounded-lg !mb-0\"><a href=\"https:\/\/zemaljskimuzej.ba\/app\/uploads\/2026\/04\/IMG_5427-1920x1440.jpeg\" data-fancybox=\"gallery-1\" data-caption=\"IMG_5427\" class=\"block w-full h-full\"><img decoding=\"async\" src=\"https:\/\/zemaljskimuzej.ba\/app\/uploads\/2026\/04\/IMG_5427-480x360.jpeg\" alt=\"\" class=\"w-full h-full object-cover transition-transform duration-300 hover:scale-105\" loading=\"lazy\"><\/a><\/figure><figure class=\"wp-gallery-item aspect-square bg-gray-100 overflow-hidden rounded-lg !mb-0\"><a href=\"https:\/\/zemaljskimuzej.ba\/app\/uploads\/2026\/04\/IMG_5435-1920x1440.jpeg\" data-fancybox=\"gallery-1\" data-caption=\"IMG_5435\" class=\"block w-full h-full\"><img decoding=\"async\" src=\"https:\/\/zemaljskimuzej.ba\/app\/uploads\/2026\/04\/IMG_5435-480x360.jpeg\" alt=\"\" class=\"w-full h-full object-cover transition-transform duration-300 hover:scale-105\" loading=\"lazy\"><\/a><\/figure><figure class=\"wp-gallery-item aspect-square bg-gray-100 overflow-hidden rounded-lg !mb-0\"><a href=\"https:\/\/zemaljskimuzej.ba\/app\/uploads\/2026\/04\/IMG_5442-1920x1440.jpeg\" data-fancybox=\"gallery-1\" data-caption=\"IMG_5442\" class=\"block w-full h-full\"><img decoding=\"async\" src=\"https:\/\/zemaljskimuzej.ba\/app\/uploads\/2026\/04\/IMG_5442-480x360.jpeg\" alt=\"\" class=\"w-full h-full object-cover transition-transform duration-300 hover:scale-105\" loading=\"lazy\"><\/a><\/figure><figure class=\"wp-gallery-item aspect-square bg-gray-100 overflow-hidden rounded-lg !mb-0\"><a href=\"https:\/\/zemaljskimuzej.ba\/app\/uploads\/2026\/04\/IMG_5487-1920x1440.jpeg\" data-fancybox=\"gallery-1\" data-caption=\"IMG_5487\" class=\"block w-full h-full\"><img decoding=\"async\" src=\"https:\/\/zemaljskimuzej.ba\/app\/uploads\/2026\/04\/IMG_5487-480x360.jpeg\" alt=\"\" class=\"w-full h-full object-cover transition-transform duration-300 hover:scale-105\" loading=\"lazy\"><\/a><\/figure><figure class=\"wp-gallery-item aspect-square bg-gray-100 overflow-hidden rounded-lg !mb-0\"><a href=\"https:\/\/zemaljskimuzej.ba\/app\/uploads\/2026\/04\/IMG_5491.jpeg\" data-fancybox=\"gallery-1\" data-caption=\"IMG_5491\" class=\"block w-full h-full\"><img decoding=\"async\" src=\"https:\/\/zemaljskimuzej.ba\/app\/uploads\/2026\/04\/IMG_5491-480x360.jpeg\" alt=\"\" class=\"w-full h-full object-cover transition-transform duration-300 hover:scale-105\" loading=\"lazy\"><\/a><\/figure><figure class=\"wp-gallery-item aspect-square bg-gray-100 overflow-hidden rounded-lg !mb-0\"><a href=\"https:\/\/zemaljskimuzej.ba\/app\/uploads\/2026\/04\/IMG_20260423_130902-1920x1079.jpg\" data-fancybox=\"gallery-1\" data-caption=\"IMG_20260423_130902\" class=\"block w-full h-full\"><img decoding=\"async\" src=\"https:\/\/zemaljskimuzej.ba\/app\/uploads\/2026\/04\/IMG_20260423_130902-480x360.jpg\" alt=\"\" class=\"w-full h-full object-cover transition-transform duration-300 hover:scale-105\" loading=\"lazy\"><\/a><\/figure><\/div>\n","protected":false},"excerpt":{"rendered":"<p>Zemaljski muzej Bosne i Hercegovine ugostio je dvodnevnu me\u0111unarodnu radionicu posve\u0107enu primjeni digitalne platforme HERIe u preventivnoj konzervaciji muzejskih zbirki. Radionica je odr\u017eana 22. i 23. 4. 2026. godine, uz u\u010de\u0161\u0107e dvadeset stru\u010dnjaka iz renomiranih kulturnih institucija u Bosni i Hercegovini, Bugarskoj, Hrvatskoj, Sjevernoj Makedoniji i Sloveniji. \u201eJako mi je drago da smo imali kolegice &hellip; <a href=\"https:\/\/zemaljskimuzej.ba\/en\/herie-digitalna-platforma-odrzana-medjunarodna-radionica-o-zastiti-kulturne-bastine-u-zemaljskom-muzeju-bosne-i-hercegovine\/\">Find out more<\/a><\/p>\n","protected":false},"author":5,"featured_media":29579,"comment_status":"closed","ping_status":"closed","sticky":false,"template":"","format":"standard","meta":{"footnotes":""},"categories":[2],"tags":[],"class_list":["post-29578","post","type-post","status-publish","format-standard","has-post-thumbnail","hentry","category-news"],"yoast_head":"<!-- This site is optimized with the Yoast SEO plugin v27.3 - https:\/\/yoast.com\/product\/yoast-seo-wordpress\/ -->\n<title>HERIe digitalna platforma: Odr\u017eana me\u0111unarodna radionica o za\u0161titi kulturne ba\u0161tine u Zemaljskom muzeju Bosne i Hercegovine - Zemaljski muzej BiH<\/title>\n<meta name=\"robots\" content=\"index, follow, max-snippet:-1, max-image-preview:large, max-video-preview:-1\" \/>\n<link rel=\"canonical\" href=\"https:\/\/zemaljskimuzej.ba\/en\/herie-digitalna-platforma-odrzana-medjunarodna-radionica-o-zastiti-kulturne-bastine-u-zemaljskom-muzeju-bosne-i-hercegovine\/\" \/>\n<meta property=\"og:locale\" content=\"en_US\" \/>\n<meta property=\"og:type\" content=\"article\" \/>\n<meta property=\"og:title\" content=\"HERIe digitalna platforma: Odr\u017eana me\u0111unarodna radionica o za\u0161titi kulturne ba\u0161tine u Zemaljskom muzeju Bosne i Hercegovine - Zemaljski muzej BiH\" \/>\n<meta property=\"og:description\" content=\"Zemaljski muzej Bosne i Hercegovine ugostio je dvodnevnu me\u0111unarodnu radionicu posve\u0107enu primjeni digitalne platforme HERIe u preventivnoj konzervaciji muzejskih zbirki. Radionica je odr\u017eana 22. i 23. 4. 2026. godine, uz u\u010de\u0161\u0107e dvadeset stru\u010dnjaka iz renomiranih kulturnih institucija u Bosni i Hercegovini, Bugarskoj, Hrvatskoj, Sjevernoj Makedoniji i Sloveniji. \u201eJako mi je drago da smo imali kolegice &hellip; Find out more\" \/>\n<meta property=\"og:url\" content=\"https:\/\/zemaljskimuzej.ba\/en\/herie-digitalna-platforma-odrzana-medjunarodna-radionica-o-zastiti-kulturne-bastine-u-zemaljskom-muzeju-bosne-i-hercegovine\/\" \/>\n<meta property=\"og:site_name\" content=\"Zemaljski muzej BiH\" \/>\n<meta property=\"article:publisher\" content=\"https:\/\/www.facebook.com\/zemaljskimuzej\/\" \/>\n<meta property=\"article:published_time\" content=\"2026-04-25T11:50:04+00:00\" \/>\n<meta property=\"og:image\" content=\"https:\/\/zemaljskimuzej.ba\/app\/uploads\/2026\/04\/IMG_3963-scaled.jpg\" \/>\n\t<meta property=\"og:image:width\" content=\"2560\" \/>\n\t<meta property=\"og:image:height\" content=\"1707\" \/>\n\t<meta property=\"og:image:type\" content=\"image\/jpeg\" \/>\n<meta name=\"author\" content=\"lejla\" \/>\n<meta name=\"twitter:card\" content=\"summary_large_image\" \/>\n<meta name=\"twitter:creator\" content=\"@Zemaljskimuzej\" \/>\n<meta name=\"twitter:site\" content=\"@Zemaljskimuzej\" \/>\n<meta name=\"twitter:label1\" content=\"Written by\" \/>\n\t<meta name=\"twitter:data1\" content=\"lejla\" \/>\n\t<meta name=\"twitter:label2\" content=\"Est. reading time\" \/>\n\t<meta name=\"twitter:data2\" content=\"3 minutes\" \/>\n<script type=\"application\/ld+json\" class=\"yoast-schema-graph\">{\"@context\":\"https:\\\/\\\/schema.org\",\"@graph\":[{\"@type\":\"Article\",\"@id\":\"https:\\\/\\\/zemaljskimuzej.ba\\\/en\\\/herie-digitalna-platforma-odrzana-medjunarodna-radionica-o-zastiti-kulturne-bastine-u-zemaljskom-muzeju-bosne-i-hercegovine\\\/#article\",\"isPartOf\":{\"@id\":\"https:\\\/\\\/zemaljskimuzej.ba\\\/en\\\/herie-digitalna-platforma-odrzana-medjunarodna-radionica-o-zastiti-kulturne-bastine-u-zemaljskom-muzeju-bosne-i-hercegovine\\\/\"},\"author\":{\"name\":\"lejla\",\"@id\":\"https:\\\/\\\/zemaljskimuzej.ba\\\/en\\\/#\\\/schema\\\/person\\\/c24201eac76a1854e608ffb7788d0342\"},\"headline\":\"HERIe digitalna platforma: Odr\u017eana me\u0111unarodna radionica o za\u0161titi kulturne ba\u0161tine u Zemaljskom muzeju Bosne i Hercegovine\",\"datePublished\":\"2026-04-25T11:50:04+00:00\",\"mainEntityOfPage\":{\"@id\":\"https:\\\/\\\/zemaljskimuzej.ba\\\/en\\\/herie-digitalna-platforma-odrzana-medjunarodna-radionica-o-zastiti-kulturne-bastine-u-zemaljskom-muzeju-bosne-i-hercegovine\\\/\"},\"wordCount\":453,\"publisher\":{\"@id\":\"https:\\\/\\\/zemaljskimuzej.ba\\\/en\\\/#organization\"},\"image\":{\"@id\":\"https:\\\/\\\/zemaljskimuzej.ba\\\/en\\\/herie-digitalna-platforma-odrzana-medjunarodna-radionica-o-zastiti-kulturne-bastine-u-zemaljskom-muzeju-bosne-i-hercegovine\\\/#primaryimage\"},\"thumbnailUrl\":\"https:\\\/\\\/zemaljskimuzej.ba\\\/app\\\/uploads\\\/2026\\\/04\\\/IMG_3963-scaled.jpg\",\"articleSection\":[\"News\"],\"inLanguage\":\"en-US\"},{\"@type\":\"WebPage\",\"@id\":\"https:\\\/\\\/zemaljskimuzej.ba\\\/en\\\/herie-digitalna-platforma-odrzana-medjunarodna-radionica-o-zastiti-kulturne-bastine-u-zemaljskom-muzeju-bosne-i-hercegovine\\\/\",\"url\":\"https:\\\/\\\/zemaljskimuzej.ba\\\/en\\\/herie-digitalna-platforma-odrzana-medjunarodna-radionica-o-zastiti-kulturne-bastine-u-zemaljskom-muzeju-bosne-i-hercegovine\\\/\",\"name\":\"HERIe digitalna platforma: Odr\u017eana me\u0111unarodna radionica o za\u0161titi kulturne ba\u0161tine u Zemaljskom muzeju Bosne i Hercegovine - Zemaljski muzej BiH\",\"isPartOf\":{\"@id\":\"https:\\\/\\\/zemaljskimuzej.ba\\\/en\\\/#website\"},\"primaryImageOfPage\":{\"@id\":\"https:\\\/\\\/zemaljskimuzej.ba\\\/en\\\/herie-digitalna-platforma-odrzana-medjunarodna-radionica-o-zastiti-kulturne-bastine-u-zemaljskom-muzeju-bosne-i-hercegovine\\\/#primaryimage\"},\"image\":{\"@id\":\"https:\\\/\\\/zemaljskimuzej.ba\\\/en\\\/herie-digitalna-platforma-odrzana-medjunarodna-radionica-o-zastiti-kulturne-bastine-u-zemaljskom-muzeju-bosne-i-hercegovine\\\/#primaryimage\"},\"thumbnailUrl\":\"https:\\\/\\\/zemaljskimuzej.ba\\\/app\\\/uploads\\\/2026\\\/04\\\/IMG_3963-scaled.jpg\",\"datePublished\":\"2026-04-25T11:50:04+00:00\",\"breadcrumb\":{\"@id\":\"https:\\\/\\\/zemaljskimuzej.ba\\\/en\\\/herie-digitalna-platforma-odrzana-medjunarodna-radionica-o-zastiti-kulturne-bastine-u-zemaljskom-muzeju-bosne-i-hercegovine\\\/#breadcrumb\"},\"inLanguage\":\"en-US\",\"potentialAction\":[{\"@type\":\"ReadAction\",\"target\":[\"https:\\\/\\\/zemaljskimuzej.ba\\\/en\\\/herie-digitalna-platforma-odrzana-medjunarodna-radionica-o-zastiti-kulturne-bastine-u-zemaljskom-muzeju-bosne-i-hercegovine\\\/\"]}]},{\"@type\":\"ImageObject\",\"inLanguage\":\"en-US\",\"@id\":\"https:\\\/\\\/zemaljskimuzej.ba\\\/en\\\/herie-digitalna-platforma-odrzana-medjunarodna-radionica-o-zastiti-kulturne-bastine-u-zemaljskom-muzeju-bosne-i-hercegovine\\\/#primaryimage\",\"url\":\"https:\\\/\\\/zemaljskimuzej.ba\\\/app\\\/uploads\\\/2026\\\/04\\\/IMG_3963-scaled.jpg\",\"contentUrl\":\"https:\\\/\\\/zemaljskimuzej.ba\\\/app\\\/uploads\\\/2026\\\/04\\\/IMG_3963-scaled.jpg\",\"width\":2560,\"height\":1707,\"caption\":\"HERIe\"},{\"@type\":\"BreadcrumbList\",\"@id\":\"https:\\\/\\\/zemaljskimuzej.ba\\\/en\\\/herie-digitalna-platforma-odrzana-medjunarodna-radionica-o-zastiti-kulturne-bastine-u-zemaljskom-muzeju-bosne-i-hercegovine\\\/#breadcrumb\",\"itemListElement\":[{\"@type\":\"ListItem\",\"position\":1,\"name\":\"Home\",\"item\":\"https:\\\/\\\/zemaljskimuzej.ba\\\/en\\\/\"},{\"@type\":\"ListItem\",\"position\":2,\"name\":\"HERIe digitalna platforma: Odr\u017eana me\u0111unarodna radionica o za\u0161titi kulturne ba\u0161tine u Zemaljskom muzeju Bosne i Hercegovine\"}]},{\"@type\":\"WebSite\",\"@id\":\"https:\\\/\\\/zemaljskimuzej.ba\\\/en\\\/#website\",\"url\":\"https:\\\/\\\/zemaljskimuzej.ba\\\/en\\\/\",\"name\":\"Zemaljski muzej BiH\",\"description\":\"\",\"publisher\":{\"@id\":\"https:\\\/\\\/zemaljskimuzej.ba\\\/en\\\/#organization\"},\"potentialAction\":[{\"@type\":\"SearchAction\",\"target\":{\"@type\":\"EntryPoint\",\"urlTemplate\":\"https:\\\/\\\/zemaljskimuzej.ba\\\/en\\\/?s={search_term_string}\"},\"query-input\":{\"@type\":\"PropertyValueSpecification\",\"valueRequired\":true,\"valueName\":\"search_term_string\"}}],\"inLanguage\":\"en-US\"},{\"@type\":\"Organization\",\"@id\":\"https:\\\/\\\/zemaljskimuzej.ba\\\/en\\\/#organization\",\"name\":\"Zemaljski muzej BiH\",\"url\":\"https:\\\/\\\/zemaljskimuzej.ba\\\/en\\\/\",\"logo\":{\"@type\":\"ImageObject\",\"inLanguage\":\"en-US\",\"@id\":\"https:\\\/\\\/zemaljskimuzej.ba\\\/en\\\/#\\\/schema\\\/logo\\\/image\\\/\",\"url\":\"https:\\\/\\\/zemaljskimuzej.ba\\\/app\\\/uploads\\\/2025\\\/08\\\/zmbih-logo.png\",\"contentUrl\":\"https:\\\/\\\/zemaljskimuzej.ba\\\/app\\\/uploads\\\/2025\\\/08\\\/zmbih-logo.png\",\"width\":256,\"height\":256,\"caption\":\"Zemaljski muzej BiH\"},\"image\":{\"@id\":\"https:\\\/\\\/zemaljskimuzej.ba\\\/en\\\/#\\\/schema\\\/logo\\\/image\\\/\"},\"sameAs\":[\"https:\\\/\\\/www.facebook.com\\\/zemaljskimuzej\\\/\",\"https:\\\/\\\/x.com\\\/Zemaljskimuzej\",\"https:\\\/\\\/www.instagram.com\\\/zemaljskimuzej_bih\\\/\",\"https:\\\/\\\/www.youtube.com\\\/channel\\\/UCK-JP1rHT4wJ7MOyVcduoIg\",\"https:\\\/\\\/www.tiktok.com\\\/@zemaljskimuzejbih\"]},{\"@type\":\"Person\",\"@id\":\"https:\\\/\\\/zemaljskimuzej.ba\\\/en\\\/#\\\/schema\\\/person\\\/c24201eac76a1854e608ffb7788d0342\",\"name\":\"lejla\",\"image\":{\"@type\":\"ImageObject\",\"inLanguage\":\"en-US\",\"@id\":\"https:\\\/\\\/secure.gravatar.com\\\/avatar\\\/7a93c3123e017548b4f7bdc172b40d4db58f5171ba8790f02c29f7f7a2345cbf?s=96&d=mm&r=g\",\"url\":\"https:\\\/\\\/secure.gravatar.com\\\/avatar\\\/7a93c3123e017548b4f7bdc172b40d4db58f5171ba8790f02c29f7f7a2345cbf?s=96&d=mm&r=g\",\"contentUrl\":\"https:\\\/\\\/secure.gravatar.com\\\/avatar\\\/7a93c3123e017548b4f7bdc172b40d4db58f5171ba8790f02c29f7f7a2345cbf?s=96&d=mm&r=g\",\"caption\":\"lejla\"},\"url\":\"https:\\\/\\\/zemaljskimuzej.ba\\\/en\\\/author\\\/lejlabecargmail-com\\\/\"}]}<\/script>\n<!-- \/ Yoast SEO plugin. -->","yoast_head_json":{"title":"HERIe digitalna platforma: Odr\u017eana me\u0111unarodna radionica o za\u0161titi kulturne ba\u0161tine u Zemaljskom muzeju Bosne i Hercegovine - Zemaljski muzej BiH","robots":{"index":"index","follow":"follow","max-snippet":"max-snippet:-1","max-image-preview":"max-image-preview:large","max-video-preview":"max-video-preview:-1"},"canonical":"https:\/\/zemaljskimuzej.ba\/en\/herie-digitalna-platforma-odrzana-medjunarodna-radionica-o-zastiti-kulturne-bastine-u-zemaljskom-muzeju-bosne-i-hercegovine\/","og_locale":"en_US","og_type":"article","og_title":"HERIe digitalna platforma: Odr\u017eana me\u0111unarodna radionica o za\u0161titi kulturne ba\u0161tine u Zemaljskom muzeju Bosne i Hercegovine - Zemaljski muzej BiH","og_description":"Zemaljski muzej Bosne i Hercegovine ugostio je dvodnevnu me\u0111unarodnu radionicu posve\u0107enu primjeni digitalne platforme HERIe u preventivnoj konzervaciji muzejskih zbirki. Radionica je odr\u017eana 22. i 23. 4. 2026. godine, uz u\u010de\u0161\u0107e dvadeset stru\u010dnjaka iz renomiranih kulturnih institucija u Bosni i Hercegovini, Bugarskoj, Hrvatskoj, Sjevernoj Makedoniji i Sloveniji. \u201eJako mi je drago da smo imali kolegice &hellip; Find out more","og_url":"https:\/\/zemaljskimuzej.ba\/en\/herie-digitalna-platforma-odrzana-medjunarodna-radionica-o-zastiti-kulturne-bastine-u-zemaljskom-muzeju-bosne-i-hercegovine\/","og_site_name":"Zemaljski muzej BiH","article_publisher":"https:\/\/www.facebook.com\/zemaljskimuzej\/","article_published_time":"2026-04-25T11:50:04+00:00","og_image":[{"width":2560,"height":1707,"url":"https:\/\/zemaljskimuzej.ba\/app\/uploads\/2026\/04\/IMG_3963-scaled.jpg","type":"image\/jpeg"}],"author":"lejla","twitter_card":"summary_large_image","twitter_creator":"@Zemaljskimuzej","twitter_site":"@Zemaljskimuzej","twitter_misc":{"Written by":"lejla","Est. reading time":"3 minutes"},"schema":{"@context":"https:\/\/schema.org","@graph":[{"@type":"Article","@id":"https:\/\/zemaljskimuzej.ba\/en\/herie-digitalna-platforma-odrzana-medjunarodna-radionica-o-zastiti-kulturne-bastine-u-zemaljskom-muzeju-bosne-i-hercegovine\/#article","isPartOf":{"@id":"https:\/\/zemaljskimuzej.ba\/en\/herie-digitalna-platforma-odrzana-medjunarodna-radionica-o-zastiti-kulturne-bastine-u-zemaljskom-muzeju-bosne-i-hercegovine\/"},"author":{"name":"lejla","@id":"https:\/\/zemaljskimuzej.ba\/en\/#\/schema\/person\/c24201eac76a1854e608ffb7788d0342"},"headline":"HERIe digitalna platforma: Odr\u017eana me\u0111unarodna radionica o za\u0161titi kulturne ba\u0161tine u Zemaljskom muzeju Bosne i Hercegovine","datePublished":"2026-04-25T11:50:04+00:00","mainEntityOfPage":{"@id":"https:\/\/zemaljskimuzej.ba\/en\/herie-digitalna-platforma-odrzana-medjunarodna-radionica-o-zastiti-kulturne-bastine-u-zemaljskom-muzeju-bosne-i-hercegovine\/"},"wordCount":453,"publisher":{"@id":"https:\/\/zemaljskimuzej.ba\/en\/#organization"},"image":{"@id":"https:\/\/zemaljskimuzej.ba\/en\/herie-digitalna-platforma-odrzana-medjunarodna-radionica-o-zastiti-kulturne-bastine-u-zemaljskom-muzeju-bosne-i-hercegovine\/#primaryimage"},"thumbnailUrl":"https:\/\/zemaljskimuzej.ba\/app\/uploads\/2026\/04\/IMG_3963-scaled.jpg","articleSection":["News"],"inLanguage":"en-US"},{"@type":"WebPage","@id":"https:\/\/zemaljskimuzej.ba\/en\/herie-digitalna-platforma-odrzana-medjunarodna-radionica-o-zastiti-kulturne-bastine-u-zemaljskom-muzeju-bosne-i-hercegovine\/","url":"https:\/\/zemaljskimuzej.ba\/en\/herie-digitalna-platforma-odrzana-medjunarodna-radionica-o-zastiti-kulturne-bastine-u-zemaljskom-muzeju-bosne-i-hercegovine\/","name":"HERIe digitalna platforma: Odr\u017eana me\u0111unarodna radionica o za\u0161titi kulturne ba\u0161tine u Zemaljskom muzeju Bosne i Hercegovine - Zemaljski muzej BiH","isPartOf":{"@id":"https:\/\/zemaljskimuzej.ba\/en\/#website"},"primaryImageOfPage":{"@id":"https:\/\/zemaljskimuzej.ba\/en\/herie-digitalna-platforma-odrzana-medjunarodna-radionica-o-zastiti-kulturne-bastine-u-zemaljskom-muzeju-bosne-i-hercegovine\/#primaryimage"},"image":{"@id":"https:\/\/zemaljskimuzej.ba\/en\/herie-digitalna-platforma-odrzana-medjunarodna-radionica-o-zastiti-kulturne-bastine-u-zemaljskom-muzeju-bosne-i-hercegovine\/#primaryimage"},"thumbnailUrl":"https:\/\/zemaljskimuzej.ba\/app\/uploads\/2026\/04\/IMG_3963-scaled.jpg","datePublished":"2026-04-25T11:50:04+00:00","breadcrumb":{"@id":"https:\/\/zemaljskimuzej.ba\/en\/herie-digitalna-platforma-odrzana-medjunarodna-radionica-o-zastiti-kulturne-bastine-u-zemaljskom-muzeju-bosne-i-hercegovine\/#breadcrumb"},"inLanguage":"en-US","potentialAction":[{"@type":"ReadAction","target":["https:\/\/zemaljskimuzej.ba\/en\/herie-digitalna-platforma-odrzana-medjunarodna-radionica-o-zastiti-kulturne-bastine-u-zemaljskom-muzeju-bosne-i-hercegovine\/"]}]},{"@type":"ImageObject","inLanguage":"en-US","@id":"https:\/\/zemaljskimuzej.ba\/en\/herie-digitalna-platforma-odrzana-medjunarodna-radionica-o-zastiti-kulturne-bastine-u-zemaljskom-muzeju-bosne-i-hercegovine\/#primaryimage","url":"https:\/\/zemaljskimuzej.ba\/app\/uploads\/2026\/04\/IMG_3963-scaled.jpg","contentUrl":"https:\/\/zemaljskimuzej.ba\/app\/uploads\/2026\/04\/IMG_3963-scaled.jpg","width":2560,"height":1707,"caption":"HERIe"},{"@type":"BreadcrumbList","@id":"https:\/\/zemaljskimuzej.ba\/en\/herie-digitalna-platforma-odrzana-medjunarodna-radionica-o-zastiti-kulturne-bastine-u-zemaljskom-muzeju-bosne-i-hercegovine\/#breadcrumb","itemListElement":[{"@type":"ListItem","position":1,"name":"Home","item":"https:\/\/zemaljskimuzej.ba\/en\/"},{"@type":"ListItem","position":2,"name":"HERIe digitalna platforma: Odr\u017eana me\u0111unarodna radionica o za\u0161titi kulturne ba\u0161tine u Zemaljskom muzeju Bosne i Hercegovine"}]},{"@type":"WebSite","@id":"https:\/\/zemaljskimuzej.ba\/en\/#website","url":"https:\/\/zemaljskimuzej.ba\/en\/","name":"Zemaljski muzej BiH","description":"","publisher":{"@id":"https:\/\/zemaljskimuzej.ba\/en\/#organization"},"potentialAction":[{"@type":"SearchAction","target":{"@type":"EntryPoint","urlTemplate":"https:\/\/zemaljskimuzej.ba\/en\/?s={search_term_string}"},"query-input":{"@type":"PropertyValueSpecification","valueRequired":true,"valueName":"search_term_string"}}],"inLanguage":"en-US"},{"@type":"Organization","@id":"https:\/\/zemaljskimuzej.ba\/en\/#organization","name":"Zemaljski muzej BiH","url":"https:\/\/zemaljskimuzej.ba\/en\/","logo":{"@type":"ImageObject","inLanguage":"en-US","@id":"https:\/\/zemaljskimuzej.ba\/en\/#\/schema\/logo\/image\/","url":"https:\/\/zemaljskimuzej.ba\/app\/uploads\/2025\/08\/zmbih-logo.png","contentUrl":"https:\/\/zemaljskimuzej.ba\/app\/uploads\/2025\/08\/zmbih-logo.png","width":256,"height":256,"caption":"Zemaljski muzej BiH"},"image":{"@id":"https:\/\/zemaljskimuzej.ba\/en\/#\/schema\/logo\/image\/"},"sameAs":["https:\/\/www.facebook.com\/zemaljskimuzej\/","https:\/\/x.com\/Zemaljskimuzej","https:\/\/www.instagram.com\/zemaljskimuzej_bih\/","https:\/\/www.youtube.com\/channel\/UCK-JP1rHT4wJ7MOyVcduoIg","https:\/\/www.tiktok.com\/@zemaljskimuzejbih"]},{"@type":"Person","@id":"https:\/\/zemaljskimuzej.ba\/en\/#\/schema\/person\/c24201eac76a1854e608ffb7788d0342","name":"lejla","image":{"@type":"ImageObject","inLanguage":"en-US","@id":"https:\/\/secure.gravatar.com\/avatar\/7a93c3123e017548b4f7bdc172b40d4db58f5171ba8790f02c29f7f7a2345cbf?s=96&d=mm&r=g","url":"https:\/\/secure.gravatar.com\/avatar\/7a93c3123e017548b4f7bdc172b40d4db58f5171ba8790f02c29f7f7a2345cbf?s=96&d=mm&r=g","contentUrl":"https:\/\/secure.gravatar.com\/avatar\/7a93c3123e017548b4f7bdc172b40d4db58f5171ba8790f02c29f7f7a2345cbf?s=96&d=mm&r=g","caption":"lejla"},"url":"https:\/\/zemaljskimuzej.ba\/en\/author\/lejlabecargmail-com\/"}]}},"_links":{"self":[{"href":"https:\/\/zemaljskimuzej.ba\/en\/wp-json\/wp\/v2\/posts\/29578","targetHints":{"allow":["GET"]}}],"collection":[{"href":"https:\/\/zemaljskimuzej.ba\/en\/wp-json\/wp\/v2\/posts"}],"about":[{"href":"https:\/\/zemaljskimuzej.ba\/en\/wp-json\/wp\/v2\/types\/post"}],"author":[{"embeddable":true,"href":"https:\/\/zemaljskimuzej.ba\/en\/wp-json\/wp\/v2\/users\/5"}],"replies":[{"embeddable":true,"href":"https:\/\/zemaljskimuzej.ba\/en\/wp-json\/wp\/v2\/comments?post=29578"}],"version-history":[{"count":1,"href":"https:\/\/zemaljskimuzej.ba\/en\/wp-json\/wp\/v2\/posts\/29578\/revisions"}],"predecessor-version":[{"id":29588,"href":"https:\/\/zemaljskimuzej.ba\/en\/wp-json\/wp\/v2\/posts\/29578\/revisions\/29588"}],"wp:featuredmedia":[{"embeddable":true,"href":"https:\/\/zemaljskimuzej.ba\/en\/wp-json\/wp\/v2\/media\/29579"}],"wp:attachment":[{"href":"https:\/\/zemaljskimuzej.ba\/en\/wp-json\/wp\/v2\/media?parent=29578"}],"wp:term":[{"taxonomy":"category","embeddable":true,"href":"https:\/\/zemaljskimuzej.ba\/en\/wp-json\/wp\/v2\/categories?post=29578"},{"taxonomy":"post_tag","embeddable":true,"href":"https:\/\/zemaljskimuzej.ba\/en\/wp-json\/wp\/v2\/tags?post=29578"}],"curies":[{"name":"wp","href":"https:\/\/api.w.org\/{rel}","templated":true}]}}